{"id":7743,"date":"2024-05-30T08:33:40","date_gmt":"2024-05-30T06:33:40","guid":{"rendered":"https:\/\/valonga.com\/2024\/05\/30\/vuelve-el-festival-sonna-sonidos-de-la-naturaleza\/"},"modified":"2024-06-13T09:47:11","modified_gmt":"2024-06-13T07:47:11","slug":"vuelve-el-festival-sonna-sonidos-de-la-naturaleza","status":"publish","type":"post","link":"https:\/\/valonga.com\/en\/2024\/05\/30\/vuelve-el-festival-sonna-sonidos-de-la-naturaleza\/","title":{"rendered":"Vuelve el Festival SoNna (sonidos de la naturaleza)"},"content":{"rendered":"<p>Este verano vuelve por quinta vez el <strong>Festival SoNna<\/strong> (Sonidos de la Naturaleza) que se celebra en distintos puntos de la geografia de Huesca. <\/p><p>Esta vez el Festival recala en Finca Valonga, programando uno de sus conciertos. <\/p><p>El d\u00eda 30 de agosto, tendr\u00e1 lugar en Finca Valonga, el concierto de <strong>MATTHIEU SAGLIO<\/strong>, previamente habr\u00e1 una visita a las instalaciones de la Finca y degustaci\u00f3n de vinos. <\/p><p>Aqu\u00ed os dejamos la informaci\u00f3n sobre la programaci\u00f3n e invitaciones para los conciertos   <a href=\"https:\/\/www.dphuesca.es\/sonna-invitaciones\" data-type=\"link\" data-id=\"https:\/\/www.dphuesca.es\/sonna-invitaciones\" target=\"_blank\" rel=\"noopener\">https:\/\/www.dphuesca.es\/sonna-invitaciones<\/a><\/p><p>y otras noticias aparecidas en la prensa:<\/p><p> <a href=\"https:\/\/www.diariodelaltoaragon.es\/noticias\/cultura\/2024\/05\/29\/sonna-regresa-1737512-daa.html\" data-type=\"link\" data-id=\"https:\/\/www.diariodelaltoaragon.es\/noticias\/cultura\/2024\/05\/29\/sonna-regresa-1737512-daa.html\" target=\"_blank\" rel=\"noopener\">https:\/\/www.diariodelaltoaragon.es\/noticias\/cultura\/2024\/05\/29\/sonna-regresa-1737512-daa.html<\/a><\/p><p><\/p><p><\/p><figure class=\"wp-block-image\"><img decoding=\"async\" width=\"500\" height=\"300\" src=\"https:\/\/valonga.com\/wp-content\/uploads\/2024\/05\/sonna-valonga-entrades.png\" alt=\"Concert SonNa 2024 a Valonga\" class=\"wp-image-7667\" srcset=\"https:\/\/valonga.com\/wp-content\/uploads\/2024\/05\/sonna-valonga-entrades.png 500w, https:\/\/valonga.com\/wp-content\/uploads\/2024\/05\/sonna-valonga-entrades-480x288.png 480w\" sizes=\"(min-width: 0px) and (max-width: 480px) 480px, (min-width: 481px) 500px, 100vw\" \/><\/figure>","protected":false},"excerpt":{"rendered":"<p>Este verano vuelve por quinta vez el Festival SoNna (Sonidos de la Naturaleza) que se celebra en distintos puntos de la geografia de Huesca. Esta vez el Festival recala en Finca Valonga, programando uno de sus conciertos. El d\u00eda 30 de agosto, tendr\u00e1 lugar en Finca Valonga, el concierto de MATTHIEU SAGLIO, previamente habr\u00e1 una [&hellip;]<\/p>\n","protected":false},"author":2,"featured_media":7668,"comment_status":"open","ping_status":"open","sticky":false,"template":"","format":"standard","meta":{"_acf_changed":false,"_et_pb_use_builder":"","_et_pb_old_content":"","_et_gb_content_width":"","content-type":"","footnotes":""},"categories":[194],"tags":[393,394,395],"class_list":["post-7743","post","type-post","status-publish","format-standard","has-post-thumbnail","hentry","category-uncategorized","tag-concierto-en","tag-degustacion-en","tag-festival-en"],"acf":[],"_links":{"self":[{"href":"https:\/\/valonga.com\/en\/wp-json\/wp\/v2\/posts\/7743","targetHints":{"allow":["GET"]}}],"collection":[{"href":"https:\/\/valonga.com\/en\/wp-json\/wp\/v2\/posts"}],"about":[{"href":"https:\/\/valonga.com\/en\/wp-json\/wp\/v2\/types\/post"}],"author":[{"embeddable":true,"href":"https:\/\/valonga.com\/en\/wp-json\/wp\/v2\/users\/2"}],"replies":[{"embeddable":true,"href":"https:\/\/valonga.com\/en\/wp-json\/wp\/v2\/comments?post=7743"}],"version-history":[{"count":1,"href":"https:\/\/valonga.com\/en\/wp-json\/wp\/v2\/posts\/7743\/revisions"}],"predecessor-version":[{"id":7745,"href":"https:\/\/valonga.com\/en\/wp-json\/wp\/v2\/posts\/7743\/revisions\/7745"}],"wp:featuredmedia":[{"embeddable":true,"href":"https:\/\/valonga.com\/en\/wp-json\/wp\/v2\/media\/7668"}],"wp:attachment":[{"href":"https:\/\/valonga.com\/en\/wp-json\/wp\/v2\/media?parent=7743"}],"wp:term":[{"taxonomy":"category","embeddable":true,"href":"https:\/\/valonga.com\/en\/wp-json\/wp\/v2\/categories?post=7743"},{"taxonomy":"post_tag","embeddable":true,"href":"https:\/\/valonga.com\/en\/wp-json\/wp\/v2\/tags?post=7743"}],"curies":[{"name":"wp","href":"https:\/\/api.w.org\/{rel}","templated":true}]}}